{"id":7332,"date":"2023-09-12T10:58:00","date_gmt":"2023-09-12T08:58:00","guid":{"rendered":"https:\/\/gsgroup.danspot.dk\/mand-vaekket-af-tyve-kurver-sin-bmw-med-575-hestekraefter-fra-koerebanen\/"},"modified":"2024-05-27T10:32:38","modified_gmt":"2024-05-27T08:32:38","slug":"mand-vaagnede-ved-at-tyve-koerte-hans-bmw-med-575-hestekraefter-ud-af-indkoerslen","status":"publish","type":"post","link":"https:\/\/www.gsfleet.io\/da\/mand-vaagnede-ved-at-tyve-koerte-hans-bmw-med-575-hestekraefter-ud-af-indkoerslen\/","title":{"rendered":"Mand v\u00e5gnede ved, at tyve k\u00f8rte hans BMW med 575 hestekr\u00e6fter ud af indk\u00f8rslen."},"content":{"rendered":"\n<p>Tyvene n\u00e5ede ikke langt med BMW X5M, f\u00f8r politiet ankom.<\/p>\n\n<p>Midt om natten v\u00e5gner en mand af en lyd uden for sit hjem p\u00e5 Liding\u00f6 i Stockholm. Lyden er h\u00f8j, dyb og ikke mindst t\u00e6t p\u00e5. Han indser hurtigt, at det er lyden af hans egen bil. En BMW X5M med 575 hestekr\u00e6fter under motorhjelmen. Det er med andre ord ikke et tyveri, som sker lydl\u00f8st.<br\/><br\/>&#8211; Det er modigt at g\u00e5 ind p\u00e5 en anden persons ejendom og stj\u00e6le noget. Men n\u00e5r bilen, du stj\u00e6ler, er en BMW X5M med 575 hestekr\u00e6fter, er det et tyveri, der bogstaveligt talt tiltr\u00e6kker sig opm\u00e6rksomhed,&#8221; siger Espen Ranvik, CEO for GSGroup.<br\/><br\/>Bilejeren selv er nok ikke den eneste, der har bem\u00e6rket, at BMW&#8217;en er smuttet ud af indk\u00f8rslen midt om natten.<br\/><br\/>&#8220;At kigge ud af vinduet og se de r\u00f8de baglygter, mens bilen forsvinder fra din g\u00e5rdsplads midt om natten &#8211; det m\u00e5 v\u00e6re som et mareridt og noget, du h\u00e5ber aldrig sker,&#8221; siger Ranvik.<\/p>\n\n<p><strong>Sporingsteknologi giver politiet et forspring<\/strong><br\/><br\/>Sp\u00f8rgsm\u00e5lene melder sig hurtigt: Hvordan kom de ind i bilen? Begge n\u00f8gler er stadig inde i huset. Men nu haster det med at mobilisere flere ressourcer for at f\u00e5 bilen tilbage.<br\/><br\/>BMW&#8217;en er udstyret med en sporingsenhed fra GSGroup. Kunden ringer til alarmcentralen og fort\u00e6ller, hvad der er sket. En efters\u00f8gning af k\u00f8ret\u00f8jet begynder med det samme.<\/p>\n\n<p><br\/> &#8211; Vi f\u00e5r hurtigt en position p\u00e5 bilen og kontakter politiet. Kort tid efter kan de lokalisere og standse bilen i Sigtuna, 50 km nord for \u00e5stedet. Politiet vil derefter tage bilen ind til teknisk unders\u00f8gelse for at sikre fingeraftryk og DNA, da dette er en unik mulighed for bevismateriale og yderligere efterforskning,&#8221; siger Klas Wassberg, Sales Director Recovery hos GSGroup.<\/p>\n\n<h2 class=\"wp-block-heading\"><strong>Tre forskellige radioteknikker giver gode resultater<\/strong><\/h2>\n\n<p>Siden 1992 har GSGroup arbejdet med og udviklet sporingsteknologier, og der er sket meget i den tid.<\/p>\n\n<p>&#8211; Vi bruger tre forskellige radioteknologier til at spore de biler, der bliver meldt stj\u00e5let. Det giver os den fordel, at vi hurtigere kan indsn\u00e6vre det omr\u00e5de, hvor bilen befinder sig. N\u00e5r politiet kommer t\u00e6ttere p\u00e5 det udpegede sted, kan vi skifte teknologi og begynde at bruge den, der er bedst egnet til detaljerede s\u00f8gninger i mindre omr\u00e5der. Vi kan se, at det er af stor betydning for os, fordi det haster med at fange tyvene, inden de k\u00f8rer bilerne ud af landet,&#8221; siger Wassberg.<br\/><br\/><a href=\"https:\/\/teknikensvarld.expressen.se\/nyheter\/bil-och-trafik\/trendbrott-kring-efterlysta-bilar\/?utm_source=crm&amp;utm_medium=email&amp;utm_content=nyhetsbrev\" target=\"_blank\" rel=\"noreferrer noopener\">De fleste biler bliver ikke fundet s\u00e5 hurtigt og er som regel v\u00e6k for altid, n\u00e5r de bliver stj\u00e5let.<\/a><br\/><br\/>&#8211; &#8220;Vi har mistanke om, at der er professionelle bander, der stj\u00e6ler denne type biler, og BMW&#8217;er af denne type er s\u00e6rligt popul\u00e6re,&#8221; siger Wassberg.<br\/><br\/>BMW&#8217;en er en 2017-model og har en markedsv\u00e6rdi p\u00e5 lidt over en halv million kroner.<\/p>\n","protected":false},"excerpt":{"rendered":"<p>Tyvene n\u00e5ede ikke langt med BMW X5M, f\u00f8r politiet ankom.<\/p>\n","protected":false},"author":5,"featured_media":7333,"comment_status":"closed","ping_status":"open","sticky":false,"template":"","format":"standard","meta":{"_acf_changed":false,"footnotes":""},"categories":[79],"tags":[],"class_list":["post-7332","post","type-post","status-publish","format-standard","has-post-thumbnail","hentry","category-sporing-da"],"acf":[],"yoast_head":"<!-- This site is optimized with the Yoast SEO Premium plugin v27.4 (Yoast SEO v27.5) - https:\/\/yoast.com\/product\/yoast-seo-premium-wordpress\/ -->\n<title>Mand v\u00e5gnede ved, at tyve k\u00f8rte hans BMW med 575 hestekr\u00e6fter ud af indk\u00f8rslen.<\/title>\n<meta name=\"description\" content=\"GSGroup hj&#228;lper v&#229;ra kunder att digitalisera sina verksamheter. Idag levererar vi Sp&#229;rs&#228;ndare Fordonskontroll K&#246;rjournal Utrustningskontroll Temperaturkontroll och Mobil Orderhantering\" \/>\n<meta name=\"robots\" content=\"index, follow, max-snippet:-1, max-image-preview:large, max-video-preview:-1\" \/>\n<link rel=\"canonical\" href=\"https:\/\/www.gsfleet.io\/da\/mand-vaagnede-ved-at-tyve-koerte-hans-bmw-med-575-hestekraefter-ud-af-indkoerslen\/\" \/>\n<meta property=\"og:locale\" content=\"da_DK\" \/>\n<meta property=\"og:type\" content=\"article\" \/>\n<meta property=\"og:title\" content=\"Mand v\u00e5gnede ved, at tyve k\u00f8rte hans BMW med 575 hestekr\u00e6fter ud af indk\u00f8rslen.\" \/>\n<meta property=\"og:description\" content=\"GSGroup hj&#228;lper v&#229;ra kunder att digitalisera sina verksamheter. Idag levererar vi Sp&#229;rs&#228;ndare Fordonskontroll K&#246;rjournal Utrustningskontroll Temperaturkontroll och Mobil Orderhantering\" \/>\n<meta property=\"og:url\" content=\"https:\/\/www.gsfleet.io\/da\/mand-vaagnede-ved-at-tyve-koerte-hans-bmw-med-575-hestekraefter-ud-af-indkoerslen\/\" \/>\n<meta property=\"og:site_name\" content=\"GSFleet\" \/>\n<meta property=\"article:published_time\" content=\"2023-09-12T08:58:00+00:00\" \/>\n<meta property=\"article:modified_time\" content=\"2024-05-27T08:32:38+00:00\" \/>\n<meta property=\"og:image\" content=\"https:\/\/www.gsfleet.io\/wp-content\/uploads\/bmw-x5.jpg\" \/>\n\t<meta property=\"og:image:width\" content=\"700\" \/>\n\t<meta property=\"og:image:height\" content=\"450\" \/>\n\t<meta property=\"og:image:type\" content=\"image\/jpeg\" \/>\n<meta name=\"author\" content=\"Agnes Levander\" \/>\n<meta name=\"twitter:card\" content=\"summary_large_image\" \/>\n<meta name=\"twitter:label1\" content=\"Skrevet af\" \/>\n\t<meta name=\"twitter:data1\" content=\"Agnes Levander\" \/>\n\t<meta name=\"twitter:label2\" content=\"Estimeret l\u00e6setid\" \/>\n\t<meta name=\"twitter:data2\" content=\"2 minutter\" \/>\n<script type=\"application\/ld+json\" class=\"yoast-schema-graph\">{\"@context\":\"https:\\\/\\\/schema.org\",\"@graph\":[{\"@type\":\"Article\",\"@id\":\"https:\\\/\\\/www.gsfleet.io\\\/da\\\/mand-vaagnede-ved-at-tyve-koerte-hans-bmw-med-575-hestekraefter-ud-af-indkoerslen\\\/#article\",\"isPartOf\":{\"@id\":\"https:\\\/\\\/www.gsfleet.io\\\/da\\\/mand-vaagnede-ved-at-tyve-koerte-hans-bmw-med-575-hestekraefter-ud-af-indkoerslen\\\/\"},\"author\":{\"name\":\"Agnes Levander\",\"@id\":\"https:\\\/\\\/www.gsfleet.io\\\/da\\\/#\\\/schema\\\/person\\\/2d3942f579ef82f5916ed4a00a5e99a3\"},\"headline\":\"Mand v\u00e5gnede ved, at tyve k\u00f8rte hans BMW med 575 hestekr\u00e6fter ud af indk\u00f8rslen.\",\"datePublished\":\"2023-09-12T08:58:00+00:00\",\"dateModified\":\"2024-05-27T08:32:38+00:00\",\"mainEntityOfPage\":{\"@id\":\"https:\\\/\\\/www.gsfleet.io\\\/da\\\/mand-vaagnede-ved-at-tyve-koerte-hans-bmw-med-575-hestekraefter-ud-af-indkoerslen\\\/\"},\"wordCount\":516,\"publisher\":{\"@id\":\"https:\\\/\\\/www.gsfleet.io\\\/da\\\/#organization\"},\"image\":{\"@id\":\"https:\\\/\\\/www.gsfleet.io\\\/da\\\/mand-vaagnede-ved-at-tyve-koerte-hans-bmw-med-575-hestekraefter-ud-af-indkoerslen\\\/#primaryimage\"},\"thumbnailUrl\":\"https:\\\/\\\/www.gsfleet.io\\\/wp-content\\\/uploads\\\/bmw-x5.jpg\",\"articleSection\":[\"Sporing\"],\"inLanguage\":\"da-DK\"},{\"@type\":\"WebPage\",\"@id\":\"https:\\\/\\\/www.gsfleet.io\\\/da\\\/mand-vaagnede-ved-at-tyve-koerte-hans-bmw-med-575-hestekraefter-ud-af-indkoerslen\\\/\",\"url\":\"https:\\\/\\\/www.gsfleet.io\\\/da\\\/mand-vaagnede-ved-at-tyve-koerte-hans-bmw-med-575-hestekraefter-ud-af-indkoerslen\\\/\",\"name\":\"Mand v\u00e5gnede ved, at tyve k\u00f8rte hans BMW med 575 hestekr\u00e6fter ud af indk\u00f8rslen.\",\"isPartOf\":{\"@id\":\"https:\\\/\\\/www.gsfleet.io\\\/da\\\/#website\"},\"primaryImageOfPage\":{\"@id\":\"https:\\\/\\\/www.gsfleet.io\\\/da\\\/mand-vaagnede-ved-at-tyve-koerte-hans-bmw-med-575-hestekraefter-ud-af-indkoerslen\\\/#primaryimage\"},\"image\":{\"@id\":\"https:\\\/\\\/www.gsfleet.io\\\/da\\\/mand-vaagnede-ved-at-tyve-koerte-hans-bmw-med-575-hestekraefter-ud-af-indkoerslen\\\/#primaryimage\"},\"thumbnailUrl\":\"https:\\\/\\\/www.gsfleet.io\\\/wp-content\\\/uploads\\\/bmw-x5.jpg\",\"datePublished\":\"2023-09-12T08:58:00+00:00\",\"dateModified\":\"2024-05-27T08:32:38+00:00\",\"description\":\"GSGroup hj&#228;lper v&#229;ra kunder att digitalisera sina verksamheter. Idag levererar vi Sp&#229;rs&#228;ndare Fordonskontroll K&#246;rjournal Utrustningskontroll Temperaturkontroll och Mobil Orderhantering\",\"breadcrumb\":{\"@id\":\"https:\\\/\\\/www.gsfleet.io\\\/da\\\/mand-vaagnede-ved-at-tyve-koerte-hans-bmw-med-575-hestekraefter-ud-af-indkoerslen\\\/#breadcrumb\"},\"inLanguage\":\"da-DK\",\"potentialAction\":[{\"@type\":\"ReadAction\",\"target\":[\"https:\\\/\\\/www.gsfleet.io\\\/da\\\/mand-vaagnede-ved-at-tyve-koerte-hans-bmw-med-575-hestekraefter-ud-af-indkoerslen\\\/\"]}]},{\"@type\":\"ImageObject\",\"inLanguage\":\"da-DK\",\"@id\":\"https:\\\/\\\/www.gsfleet.io\\\/da\\\/mand-vaagnede-ved-at-tyve-koerte-hans-bmw-med-575-hestekraefter-ud-af-indkoerslen\\\/#primaryimage\",\"url\":\"https:\\\/\\\/www.gsfleet.io\\\/wp-content\\\/uploads\\\/bmw-x5.jpg\",\"contentUrl\":\"https:\\\/\\\/www.gsfleet.io\\\/wp-content\\\/uploads\\\/bmw-x5.jpg\",\"width\":700,\"height\":450},{\"@type\":\"BreadcrumbList\",\"@id\":\"https:\\\/\\\/www.gsfleet.io\\\/da\\\/mand-vaagnede-ved-at-tyve-koerte-hans-bmw-med-575-hestekraefter-ud-af-indkoerslen\\\/#breadcrumb\",\"itemListElement\":[{\"@type\":\"ListItem\",\"position\":1,\"name\":\"Home\",\"item\":\"https:\\\/\\\/www.gsfleet.io\\\/da\\\/\"},{\"@type\":\"ListItem\",\"position\":2,\"name\":\"Mand v\u00e5gnede ved, at tyve k\u00f8rte hans BMW med 575 hestekr\u00e6fter ud af indk\u00f8rslen.\"}]},{\"@type\":\"WebSite\",\"@id\":\"https:\\\/\\\/www.gsfleet.io\\\/da\\\/#website\",\"url\":\"https:\\\/\\\/www.gsfleet.io\\\/da\\\/\",\"name\":\"GSFleet\",\"description\":\"\",\"publisher\":{\"@id\":\"https:\\\/\\\/www.gsfleet.io\\\/da\\\/#organization\"},\"potentialAction\":[{\"@type\":\"SearchAction\",\"target\":{\"@type\":\"EntryPoint\",\"urlTemplate\":\"https:\\\/\\\/www.gsfleet.io\\\/da\\\/?s={search_term_string}\"},\"query-input\":{\"@type\":\"PropertyValueSpecification\",\"valueRequired\":true,\"valueName\":\"search_term_string\"}}],\"inLanguage\":\"da-DK\"},{\"@type\":\"Organization\",\"@id\":\"https:\\\/\\\/www.gsfleet.io\\\/da\\\/#organization\",\"name\":\"GSFleet\",\"url\":\"https:\\\/\\\/www.gsfleet.io\\\/da\\\/\",\"logo\":{\"@type\":\"ImageObject\",\"inLanguage\":\"da-DK\",\"@id\":\"https:\\\/\\\/www.gsfleet.io\\\/da\\\/#\\\/schema\\\/logo\\\/image\\\/\",\"url\":\"https:\\\/\\\/www.gsfleet.io\\\/wp-content\\\/uploads\\\/GSFleet-Logo-1.svg\",\"contentUrl\":\"https:\\\/\\\/www.gsfleet.io\\\/wp-content\\\/uploads\\\/GSFleet-Logo-1.svg\",\"width\":130,\"height\":25,\"caption\":\"GSFleet\"},\"image\":{\"@id\":\"https:\\\/\\\/www.gsfleet.io\\\/da\\\/#\\\/schema\\\/logo\\\/image\\\/\"}},{\"@type\":\"Person\",\"@id\":\"https:\\\/\\\/www.gsfleet.io\\\/da\\\/#\\\/schema\\\/person\\\/2d3942f579ef82f5916ed4a00a5e99a3\",\"name\":\"Agnes Levander\",\"image\":{\"@type\":\"ImageObject\",\"inLanguage\":\"da-DK\",\"@id\":\"https:\\\/\\\/secure.gravatar.com\\\/avatar\\\/3694622b369ee84a942bb11dc768e7e693adeba3a8ed89547acc957ea25fdf58?s=96&d=mm&r=g\",\"url\":\"https:\\\/\\\/secure.gravatar.com\\\/avatar\\\/3694622b369ee84a942bb11dc768e7e693adeba3a8ed89547acc957ea25fdf58?s=96&d=mm&r=g\",\"contentUrl\":\"https:\\\/\\\/secure.gravatar.com\\\/avatar\\\/3694622b369ee84a942bb11dc768e7e693adeba3a8ed89547acc957ea25fdf58?s=96&d=mm&r=g\",\"caption\":\"Agnes Levander\"},\"url\":\"https:\\\/\\\/www.gsfleet.io\\\/da\\\/author\\\/agnes\\\/\"}]}<\/script>\n<!-- \/ Yoast SEO Premium plugin. -->","yoast_head_json":{"title":"Mand v\u00e5gnede ved, at tyve k\u00f8rte hans BMW med 575 hestekr\u00e6fter ud af indk\u00f8rslen.","description":"GSGroup hj&#228;lper v&#229;ra kunder att digitalisera sina verksamheter. Idag levererar vi Sp&#229;rs&#228;ndare Fordonskontroll K&#246;rjournal Utrustningskontroll Temperaturkontroll och Mobil Orderhantering","robots":{"index":"index","follow":"follow","max-snippet":"max-snippet:-1","max-image-preview":"max-image-preview:large","max-video-preview":"max-video-preview:-1"},"canonical":"https:\/\/www.gsfleet.io\/da\/mand-vaagnede-ved-at-tyve-koerte-hans-bmw-med-575-hestekraefter-ud-af-indkoerslen\/","og_locale":"da_DK","og_type":"article","og_title":"Mand v\u00e5gnede ved, at tyve k\u00f8rte hans BMW med 575 hestekr\u00e6fter ud af indk\u00f8rslen.","og_description":"GSGroup hj&#228;lper v&#229;ra kunder att digitalisera sina verksamheter. Idag levererar vi Sp&#229;rs&#228;ndare Fordonskontroll K&#246;rjournal Utrustningskontroll Temperaturkontroll och Mobil Orderhantering","og_url":"https:\/\/www.gsfleet.io\/da\/mand-vaagnede-ved-at-tyve-koerte-hans-bmw-med-575-hestekraefter-ud-af-indkoerslen\/","og_site_name":"GSFleet","article_published_time":"2023-09-12T08:58:00+00:00","article_modified_time":"2024-05-27T08:32:38+00:00","og_image":[{"width":700,"height":450,"url":"https:\/\/www.gsfleet.io\/wp-content\/uploads\/bmw-x5.jpg","type":"image\/jpeg"}],"author":"Agnes Levander","twitter_card":"summary_large_image","twitter_misc":{"Skrevet af":"Agnes Levander","Estimeret l\u00e6setid":"2 minutter"},"schema":{"@context":"https:\/\/schema.org","@graph":[{"@type":"Article","@id":"https:\/\/www.gsfleet.io\/da\/mand-vaagnede-ved-at-tyve-koerte-hans-bmw-med-575-hestekraefter-ud-af-indkoerslen\/#article","isPartOf":{"@id":"https:\/\/www.gsfleet.io\/da\/mand-vaagnede-ved-at-tyve-koerte-hans-bmw-med-575-hestekraefter-ud-af-indkoerslen\/"},"author":{"name":"Agnes Levander","@id":"https:\/\/www.gsfleet.io\/da\/#\/schema\/person\/2d3942f579ef82f5916ed4a00a5e99a3"},"headline":"Mand v\u00e5gnede ved, at tyve k\u00f8rte hans BMW med 575 hestekr\u00e6fter ud af indk\u00f8rslen.","datePublished":"2023-09-12T08:58:00+00:00","dateModified":"2024-05-27T08:32:38+00:00","mainEntityOfPage":{"@id":"https:\/\/www.gsfleet.io\/da\/mand-vaagnede-ved-at-tyve-koerte-hans-bmw-med-575-hestekraefter-ud-af-indkoerslen\/"},"wordCount":516,"publisher":{"@id":"https:\/\/www.gsfleet.io\/da\/#organization"},"image":{"@id":"https:\/\/www.gsfleet.io\/da\/mand-vaagnede-ved-at-tyve-koerte-hans-bmw-med-575-hestekraefter-ud-af-indkoerslen\/#primaryimage"},"thumbnailUrl":"https:\/\/www.gsfleet.io\/wp-content\/uploads\/bmw-x5.jpg","articleSection":["Sporing"],"inLanguage":"da-DK"},{"@type":"WebPage","@id":"https:\/\/www.gsfleet.io\/da\/mand-vaagnede-ved-at-tyve-koerte-hans-bmw-med-575-hestekraefter-ud-af-indkoerslen\/","url":"https:\/\/www.gsfleet.io\/da\/mand-vaagnede-ved-at-tyve-koerte-hans-bmw-med-575-hestekraefter-ud-af-indkoerslen\/","name":"Mand v\u00e5gnede ved, at tyve k\u00f8rte hans BMW med 575 hestekr\u00e6fter ud af indk\u00f8rslen.","isPartOf":{"@id":"https:\/\/www.gsfleet.io\/da\/#website"},"primaryImageOfPage":{"@id":"https:\/\/www.gsfleet.io\/da\/mand-vaagnede-ved-at-tyve-koerte-hans-bmw-med-575-hestekraefter-ud-af-indkoerslen\/#primaryimage"},"image":{"@id":"https:\/\/www.gsfleet.io\/da\/mand-vaagnede-ved-at-tyve-koerte-hans-bmw-med-575-hestekraefter-ud-af-indkoerslen\/#primaryimage"},"thumbnailUrl":"https:\/\/www.gsfleet.io\/wp-content\/uploads\/bmw-x5.jpg","datePublished":"2023-09-12T08:58:00+00:00","dateModified":"2024-05-27T08:32:38+00:00","description":"GSGroup hj&#228;lper v&#229;ra kunder att digitalisera sina verksamheter. Idag levererar vi Sp&#229;rs&#228;ndare Fordonskontroll K&#246;rjournal Utrustningskontroll Temperaturkontroll och Mobil Orderhantering","breadcrumb":{"@id":"https:\/\/www.gsfleet.io\/da\/mand-vaagnede-ved-at-tyve-koerte-hans-bmw-med-575-hestekraefter-ud-af-indkoerslen\/#breadcrumb"},"inLanguage":"da-DK","potentialAction":[{"@type":"ReadAction","target":["https:\/\/www.gsfleet.io\/da\/mand-vaagnede-ved-at-tyve-koerte-hans-bmw-med-575-hestekraefter-ud-af-indkoerslen\/"]}]},{"@type":"ImageObject","inLanguage":"da-DK","@id":"https:\/\/www.gsfleet.io\/da\/mand-vaagnede-ved-at-tyve-koerte-hans-bmw-med-575-hestekraefter-ud-af-indkoerslen\/#primaryimage","url":"https:\/\/www.gsfleet.io\/wp-content\/uploads\/bmw-x5.jpg","contentUrl":"https:\/\/www.gsfleet.io\/wp-content\/uploads\/bmw-x5.jpg","width":700,"height":450},{"@type":"BreadcrumbList","@id":"https:\/\/www.gsfleet.io\/da\/mand-vaagnede-ved-at-tyve-koerte-hans-bmw-med-575-hestekraefter-ud-af-indkoerslen\/#breadcrumb","itemListElement":[{"@type":"ListItem","position":1,"name":"Home","item":"https:\/\/www.gsfleet.io\/da\/"},{"@type":"ListItem","position":2,"name":"Mand v\u00e5gnede ved, at tyve k\u00f8rte hans BMW med 575 hestekr\u00e6fter ud af indk\u00f8rslen."}]},{"@type":"WebSite","@id":"https:\/\/www.gsfleet.io\/da\/#website","url":"https:\/\/www.gsfleet.io\/da\/","name":"GSFleet","description":"","publisher":{"@id":"https:\/\/www.gsfleet.io\/da\/#organization"},"potentialAction":[{"@type":"SearchAction","target":{"@type":"EntryPoint","urlTemplate":"https:\/\/www.gsfleet.io\/da\/?s={search_term_string}"},"query-input":{"@type":"PropertyValueSpecification","valueRequired":true,"valueName":"search_term_string"}}],"inLanguage":"da-DK"},{"@type":"Organization","@id":"https:\/\/www.gsfleet.io\/da\/#organization","name":"GSFleet","url":"https:\/\/www.gsfleet.io\/da\/","logo":{"@type":"ImageObject","inLanguage":"da-DK","@id":"https:\/\/www.gsfleet.io\/da\/#\/schema\/logo\/image\/","url":"https:\/\/www.gsfleet.io\/wp-content\/uploads\/GSFleet-Logo-1.svg","contentUrl":"https:\/\/www.gsfleet.io\/wp-content\/uploads\/GSFleet-Logo-1.svg","width":130,"height":25,"caption":"GSFleet"},"image":{"@id":"https:\/\/www.gsfleet.io\/da\/#\/schema\/logo\/image\/"}},{"@type":"Person","@id":"https:\/\/www.gsfleet.io\/da\/#\/schema\/person\/2d3942f579ef82f5916ed4a00a5e99a3","name":"Agnes Levander","image":{"@type":"ImageObject","inLanguage":"da-DK","@id":"https:\/\/secure.gravatar.com\/avatar\/3694622b369ee84a942bb11dc768e7e693adeba3a8ed89547acc957ea25fdf58?s=96&d=mm&r=g","url":"https:\/\/secure.gravatar.com\/avatar\/3694622b369ee84a942bb11dc768e7e693adeba3a8ed89547acc957ea25fdf58?s=96&d=mm&r=g","contentUrl":"https:\/\/secure.gravatar.com\/avatar\/3694622b369ee84a942bb11dc768e7e693adeba3a8ed89547acc957ea25fdf58?s=96&d=mm&r=g","caption":"Agnes Levander"},"url":"https:\/\/www.gsfleet.io\/da\/author\/agnes\/"}]}},"_links":{"self":[{"href":"https:\/\/www.gsfleet.io\/da\/wp-json\/wp\/v2\/posts\/7332","targetHints":{"allow":["GET"]}}],"collection":[{"href":"https:\/\/www.gsfleet.io\/da\/wp-json\/wp\/v2\/posts"}],"about":[{"href":"https:\/\/www.gsfleet.io\/da\/wp-json\/wp\/v2\/types\/post"}],"author":[{"embeddable":true,"href":"https:\/\/www.gsfleet.io\/da\/wp-json\/wp\/v2\/users\/5"}],"replies":[{"embeddable":true,"href":"https:\/\/www.gsfleet.io\/da\/wp-json\/wp\/v2\/comments?post=7332"}],"version-history":[{"count":11,"href":"https:\/\/www.gsfleet.io\/da\/wp-json\/wp\/v2\/posts\/7332\/revisions"}],"predecessor-version":[{"id":12327,"href":"https:\/\/www.gsfleet.io\/da\/wp-json\/wp\/v2\/posts\/7332\/revisions\/12327"}],"wp:featuredmedia":[{"embeddable":true,"href":"https:\/\/www.gsfleet.io\/da\/wp-json\/wp\/v2\/media\/7333"}],"wp:attachment":[{"href":"https:\/\/www.gsfleet.io\/da\/wp-json\/wp\/v2\/media?parent=7332"}],"wp:term":[{"taxonomy":"category","embeddable":true,"href":"https:\/\/www.gsfleet.io\/da\/wp-json\/wp\/v2\/categories?post=7332"},{"taxonomy":"post_tag","embeddable":true,"href":"https:\/\/www.gsfleet.io\/da\/wp-json\/wp\/v2\/tags?post=7332"}],"curies":[{"name":"wp","href":"https:\/\/api.w.org\/{rel}","templated":true}]}}